{"id":6914,"date":"2020-03-17T16:21:53","date_gmt":"2020-03-17T16:21:53","guid":{"rendered":"https:\/\/iroko.org\/poster\/the-project-of-the-century\/"},"modified":"2020-04-26T21:18:03","modified_gmt":"2020-04-26T21:18:03","slug":"the-project-of-the-century","status":"publish","type":"poster","link":"https:\/\/iroko.org\/fr\/poster\/the-project-of-the-century\/","title":{"rendered":"The project of the century"},"content":{"rendered":"","protected":false},"featured_media":5543,"template":"","country":[],"language":[],"class_list":["post-6914","poster","type-poster","status-publish","has-post-thumbnail","hentry"],"acf":{"poster_id":"P000015","poster_designer_meta":"Alejandro Rodriguez Fornes (ALUCHO)","poster_featured_home":"1","poster_design_year":"2015","poster_language":"Spanish","poster_designer":[6431],"poster_film":[{"ID":4736,"post_author":"2","post_date":"2020-03-17 16:51:56","post_date_gmt":"2020-03-17 16:51:56","post_content":"\u00c0 Ciudad Nuclear, trois g\u00e9n\u00e9rations d\u2019hommes sont contraints de vivre sous le m\u00eame toit : Leonardo apr\u00e8s une rupture sentimentale retourne vivre avec son grand-p\u00e8re, qui est en guerre contre tout et tous, et avec son p\u00e8re plong\u00e9 dans la m\u00e9lancolie. Ciudad Nuclear (ville nucl\u00e9aire), dans la province de Cienfuegos \u00e0 Cuba, est n\u00e9e d\u2019un projet colossal consid\u00e9r\u00e9 comme \u00ab l\u2019oeuvre du si\u00e8cle \u00bb : la premi\u00e8re centrale nucl\u00e9aire de l\u2019\u00eele. Cette ville nouvelle devait accueillir pr\u00e8s de 5000 travailleurs. Mais apr\u00e8s 1989 et le d\u00e9sengagement de l\u2019appui \u00e9conomique de l\u2019URSS, le projet resta inachev\u00e9. M\u00e9langeant images d\u2019archives et fiction, quotidien et surr\u00e9alisme dans une superbe photographie en noir et blanc, Carlos Machado Quintela r\u00e9ussit \u00e0 saisir l\u2019indicible pour parler avec perspicacit\u00e9 de la destin\u00e9e de cette \u00eele mythique.","post_title":"The Project of the Century","post_excerpt":"","post_status":"publish","comment_status":"open","ping_status":"closed","post_password":"","post_name":"the-project-of-the-century","to_ping":"","pinged":"","post_modified":"2020-05-19 23:37:23","post_modified_gmt":"2020-05-19 23:37:23","post_content_filtered":"","post_parent":0,"guid":"https:\/\/iroko.org\/film\/la-obra-del-siglo\/","menu_order":0,"post_type":"film","post_mime_type":"","comment_count":"0","filter":"raw"}]},"_links":{"self":[{"href":"https:\/\/iroko.org\/fr\/wp-json\/wp\/v2\/poster\/6914","targetHints":{"allow":["GET"]}}],"collection":[{"href":"https:\/\/iroko.org\/fr\/wp-json\/wp\/v2\/poster"}],"about":[{"href":"https:\/\/iroko.org\/fr\/wp-json\/wp\/v2\/types\/poster"}],"wp:featuredmedia":[{"embeddable":true,"href":"https:\/\/iroko.org\/fr\/wp-json\/wp\/v2\/media\/5543"}],"wp:attachment":[{"href":"https:\/\/iroko.org\/fr\/wp-json\/wp\/v2\/media?parent=6914"}],"wp:term":[{"taxonomy":"country","embeddable":true,"href":"https:\/\/iroko.org\/fr\/wp-json\/wp\/v2\/country?post=6914"},{"taxonomy":"language","embeddable":true,"href":"https:\/\/iroko.org\/fr\/wp-json\/wp\/v2\/language?post=6914"}],"curies":[{"name":"wp","href":"https:\/\/api.w.org\/{rel}","templated":true}]}}